{"id":2305,"date":"2025-12-03T22:32:00","date_gmt":"2025-12-03T21:32:00","guid":{"rendered":"https:\/\/heimatmuseum-seckenheim.de\/cms\/?p=2305"},"modified":"2025-12-03T22:32:00","modified_gmt":"2025-12-03T21:32:00","slug":"bgm-volz-adventsausstellung-2025","status":"publish","type":"post","link":"https:\/\/heimatmuseum-seckenheim.de\/cms\/2025\/12\/03\/bgm-volz-adventsausstellung-2025\/","title":{"rendered":"Bgm. Volz &#8211; Adventsausstellung 2025"},"content":{"rendered":"<p>An den ersten drei Adventssonntagen 2025 pr\u00e4sentiert das Heimatmuseum jeweils zwischen 15.00 und 18.00 Uhr eine Ausstellung \u00fcber das Leben des letzten Seckenheimer Bauernb\u00fcrgermeisters Georg Volz.<\/p>\n<p>Volz lebte von 1842 bis 1927. Er war davon 20 Jahre lang B\u00fcrgermeister und zuvor schon Gemeinderat.<\/p>\n<p>Zu sehen ist auch sein originaler Schlitten, den das Heimatmuseum im Fr\u00fchjahr 2025 vom Urenkel Karl Gerhard Seitz aus Hamburg bekam.<br \/>\nEr wurde behutsam hergerichtet und bereichert nun die Dauerausstellung im Heimatmuseum.<\/p>\n<p>Mit vielen Informationen von Verwandten, dem <abbr title=\"St\u00e4dtisches Archiv der Stadt Mannheim\">MARCHIVUM<\/abbr> und aus den B\u00fcchern von Hansj\u00f6rg Probst, sowie den Lebenserinnerungen von Georg Volz selbst, stellte Wolfgang Vogler eine filmische Dokumentation zusammen, die an den \u00d6ffnungstagen zu sehen ist.<\/p>\n<p>Sehr gl\u00fccklich war das damalige B\u00fcrgermeisterehepaar Georg und Margarete Volz \u00fcber die Feier zu ihrer goldenen Hochzeit.<br \/>\nHierzu gibt es auch sehr viel zu erfahren &#8211; Urkunde der Gemeinde &#8211; Bibel &#8211; Geschenkeliste &#8211; Speisefolge.<\/p>\n<p>Impressionen der erfolgreichen Er\u00f6ffnung am 1.Advent:<\/p>\nngg_shortcode_0_placeholder\n","protected":false},"excerpt":{"rendered":"<p>An den ersten drei Adventssonntagen 2025 pr\u00e4sentiert das Heimatmuseum jeweils zwischen 15.00 und 18.00 Uhr eine Ausstellung \u00fcber das Leben [&hellip;]<\/p>\n","protected":false},"author":1,"featured_media":0,"comment_status":"closed","ping_status":"open","sticky":false,"template":"","format":"standard","meta":{"ngg_post_thumbnail":0,"footnotes":""},"categories":[4],"tags":[],"class_list":["post-2305","post","type-post","status-publish","format-standard","hentry","category-berichte"],"publishpress_future_action":{"enabled":false,"date":"2026-05-03 13:32:36","action":"change-status","newStatus":"draft","terms":[],"taxonomy":"category","extraData":[]},"publishpress_future_workflow_manual_trigger":{"enabledWorkflows":[]},"_links":{"self":[{"href":"https:\/\/heimatmuseum-seckenheim.de\/cms\/wp-json\/wp\/v2\/posts\/2305","targetHints":{"allow":["GET"]}}],"collection":[{"href":"https:\/\/heimatmuseum-seckenheim.de\/cms\/wp-json\/wp\/v2\/posts"}],"about":[{"href":"https:\/\/heimatmuseum-seckenheim.de\/cms\/wp-json\/wp\/v2\/types\/post"}],"author":[{"embeddable":true,"href":"https:\/\/heimatmuseum-seckenheim.de\/cms\/wp-json\/wp\/v2\/users\/1"}],"replies":[{"embeddable":true,"href":"https:\/\/heimatmuseum-seckenheim.de\/cms\/wp-json\/wp\/v2\/comments?post=2305"}],"version-history":[{"count":1,"href":"https:\/\/heimatmuseum-seckenheim.de\/cms\/wp-json\/wp\/v2\/posts\/2305\/revisions"}],"predecessor-version":[{"id":2315,"href":"https:\/\/heimatmuseum-seckenheim.de\/cms\/wp-json\/wp\/v2\/posts\/2305\/revisions\/2315"}],"wp:attachment":[{"href":"https:\/\/heimatmuseum-seckenheim.de\/cms\/wp-json\/wp\/v2\/media?parent=2305"}],"wp:term":[{"taxonomy":"category","embeddable":true,"href":"https:\/\/heimatmuseum-seckenheim.de\/cms\/wp-json\/wp\/v2\/categories?post=2305"},{"taxonomy":"post_tag","embeddable":true,"href":"https:\/\/heimatmuseum-seckenheim.de\/cms\/wp-json\/wp\/v2\/tags?post=2305"}],"curies":[{"name":"wp","href":"https:\/\/api.w.org\/{rel}","templated":true}]}}