{"id":2351,"date":"2026-04-16T13:10:31","date_gmt":"2026-04-16T11:10:31","guid":{"rendered":"https:\/\/heimatmuseum-seckenheim.de\/cms\/?p=2351"},"modified":"2026-04-21T12:31:04","modified_gmt":"2026-04-21T10:31:04","slug":"musikalischer-fruehschoppen-2026","status":"publish","type":"post","link":"https:\/\/heimatmuseum-seckenheim.de\/cms\/2026\/04\/16\/musikalischer-fruehschoppen-2026\/","title":{"rendered":"Musikalischer Fr\u00fchschoppen 2026"},"content":{"rendered":"<p>Auch in diesem Jahr bieten wir wieder unseren <strong>Fr\u00fchschoppen im Heimamtmuseum<\/strong> an.<\/p>\n<p>F\u00fcr das leibliche Wohl sorgt das bew\u00e4hrte Museumsteam.<\/p>\n<p>F\u00fcr den musikalischen Teil konnten wir wieder das Duo Hans &amp; Steff gewinnen, die schon seit Jahren in Seckenheim mit Pop-, Oldies und Countrysongs bei diversen Anl\u00e4ssen die Zuh\u00f6rer begeisterten.<\/p>\n<p>Die Veranstaltung findet bei jedem Wetter statt, der Eintritt ist wie immer frei.<\/p>\n<p style=\"text-align: center;\"><strong>Sonntag 31.Mai 2026 &#8211; 11 &#8211; 13 Uhr&nbsp;<\/strong><\/p>\n<p><a href=\"https:\/\/heimatmuseum-seckenheim.de\/cms\/wp-content\/uploads\/2026\/02\/Fruehschoppen2026.pdf\" target=\"_blank\" rel=\"noopener\"><img decoding=\"async\" class=\"aligncenter\" src=\"https:\/\/heimatmuseum-seckenheim.de\/cms\/wp-content\/uploads\/2026\/02\/Fruehschoppen2026-k.jpg\" alt=\"\"><span id=\"transmark\" style=\"display: none; width: 0px; height: 0px;\"><\/span><\/a><\/p>\n<p>&nbsp;<\/p>\n","protected":false},"excerpt":{"rendered":"<p>Auch in diesem Jahr bieten wir wieder unseren Fr\u00fchschoppen im Heimamtmuseum an. F\u00fcr das leibliche Wohl sorgt das bew\u00e4hrte Museumsteam. [&hellip;]<\/p>\n","protected":false},"author":1,"featured_media":0,"comment_status":"closed","ping_status":"open","sticky":false,"template":"","format":"standard","meta":{"ngg_post_thumbnail":0,"footnotes":""},"categories":[5],"tags":[],"class_list":["post-2351","post","type-post","status-publish","format-standard","hentry","category-veranstaltung"],"publishpress_future_action":{"enabled":true,"date":"2026-06-01 01:02:00","action":"change-status","newStatus":"draft","terms":[0],"taxonomy":"category","extraData":[]},"publishpress_future_workflow_manual_trigger":{"enabledWorkflows":[]},"_links":{"self":[{"href":"https:\/\/heimatmuseum-seckenheim.de\/cms\/wp-json\/wp\/v2\/posts\/2351","targetHints":{"allow":["GET"]}}],"collection":[{"href":"https:\/\/heimatmuseum-seckenheim.de\/cms\/wp-json\/wp\/v2\/posts"}],"about":[{"href":"https:\/\/heimatmuseum-seckenheim.de\/cms\/wp-json\/wp\/v2\/types\/post"}],"author":[{"embeddable":true,"href":"https:\/\/heimatmuseum-seckenheim.de\/cms\/wp-json\/wp\/v2\/users\/1"}],"replies":[{"embeddable":true,"href":"https:\/\/heimatmuseum-seckenheim.de\/cms\/wp-json\/wp\/v2\/comments?post=2351"}],"version-history":[{"count":1,"href":"https:\/\/heimatmuseum-seckenheim.de\/cms\/wp-json\/wp\/v2\/posts\/2351\/revisions"}],"predecessor-version":[{"id":2354,"href":"https:\/\/heimatmuseum-seckenheim.de\/cms\/wp-json\/wp\/v2\/posts\/2351\/revisions\/2354"}],"wp:attachment":[{"href":"https:\/\/heimatmuseum-seckenheim.de\/cms\/wp-json\/wp\/v2\/media?parent=2351"}],"wp:term":[{"taxonomy":"category","embeddable":true,"href":"https:\/\/heimatmuseum-seckenheim.de\/cms\/wp-json\/wp\/v2\/categories?post=2351"},{"taxonomy":"post_tag","embeddable":true,"href":"https:\/\/heimatmuseum-seckenheim.de\/cms\/wp-json\/wp\/v2\/tags?post=2351"}],"curies":[{"name":"wp","href":"https:\/\/api.w.org\/{rel}","templated":true}]}}