{"id":613,"date":"2019-06-27T21:31:23","date_gmt":"2019-06-27T19:31:23","guid":{"rendered":"https:\/\/heimatmuseum-seckenheim.de\/cms\/?p=613"},"modified":"2022-05-11T12:48:48","modified_gmt":"2022-05-11T10:48:48","slug":"neueste-archaeologische-phaenomene-in-seckenheim","status":"publish","type":"post","link":"https:\/\/heimatmuseum-seckenheim.de\/cms\/2019\/06\/27\/neueste-archaeologische-phaenomene-in-seckenheim\/","title":{"rendered":"Neueste arch\u00e4ologische Ph\u00e4nomene in Seckenheim"},"content":{"rendered":"\r\n<p>Ein Vortrag in Zusammenarbeit mit dem mit den Reiss-Engelhorn-Musen (rem).<\/p>\r\n\r\n\r\n\r\n<p><strong>Montag 16.September 2019 <br>Beginn: 19 Uhr <br>Ort: Katholisches Gemeindezentrum St. Clara, Stengelstr. 4<\/strong><\/p>\r\n\r\n\r\n\r\n<p>Ausgrabungen in diesem und im letzten Jahr f\u00f6rderten eine Reihe neuer Mosaiksteinchen zutage, die das Bild der vor- und fr\u00fchgeschichtlichen Besiedlung in Seckenheim revolutionieren. <br>Die bauliche Verdichtung der Parzellen in Seckenheim f\u00fchrt immer wieder zu \u00fcberraschenden Erkenntnissen f\u00fcr die Arch\u00e4ologie. <br>Die neuesten spektakul\u00e4ren Strukturen und Funde sollen der \u00d6ffentlichkeit in einem einst\u00fcndigen Vortrag <strong>erstmalig <\/strong>wieder pr\u00e4sentiert werden.<\/p>\r\n\r\n\r\n\r\n<p>Es referiert Dr. Klaus Wirth<\/p>\r\n\r\n\r\n\r\n<p><em>Abteilungsleiter Arch\u00e4ologische Denkmalpflege und Sammlungen <br>der Reiss-Engelhorn-Museen <br><\/em><\/p>\r\n\r\n\r\n\r\n<p><strong>Der Eintritt ist frei &#8211; Wir freuen uns \u00fcber eine Spende!<\/strong><\/p>\r\n\r\n\r\n\r\n<p>&nbsp;<\/p>\r\n","protected":false},"excerpt":{"rendered":"<p>Ein Vortrag in Zusammenarbeit mit dem mit den Reiss-Engelhorn-Musen (rem). Montag 16.September 2019 Beginn: 19 Uhr Ort: Katholisches Gemeindezentrum St. [&hellip;]<\/p>\n","protected":false},"author":1,"featured_media":0,"comment_status":"closed","ping_status":"open","sticky":false,"template":"","format":"standard","meta":{"ngg_post_thumbnail":0,"footnotes":""},"categories":[29],"tags":[10,9,12,11],"class_list":["post-613","post","type-post","status-publish","format-standard","hentry","category-chronik","tag-archaeologie","tag-rem","tag-seckenheim","tag-vortrag"],"publishpress_future_action":{"enabled":false,"date":"2026-05-03 11:55:32","action":"change-status","newStatus":"draft","terms":[],"taxonomy":"category","extraData":[]},"publishpress_future_workflow_manual_trigger":{"enabledWorkflows":[]},"_links":{"self":[{"href":"https:\/\/heimatmuseum-seckenheim.de\/cms\/wp-json\/wp\/v2\/posts\/613","targetHints":{"allow":["GET"]}}],"collection":[{"href":"https:\/\/heimatmuseum-seckenheim.de\/cms\/wp-json\/wp\/v2\/posts"}],"about":[{"href":"https:\/\/heimatmuseum-seckenheim.de\/cms\/wp-json\/wp\/v2\/types\/post"}],"author":[{"embeddable":true,"href":"https:\/\/heimatmuseum-seckenheim.de\/cms\/wp-json\/wp\/v2\/users\/1"}],"replies":[{"embeddable":true,"href":"https:\/\/heimatmuseum-seckenheim.de\/cms\/wp-json\/wp\/v2\/comments?post=613"}],"version-history":[{"count":2,"href":"https:\/\/heimatmuseum-seckenheim.de\/cms\/wp-json\/wp\/v2\/posts\/613\/revisions"}],"predecessor-version":[{"id":1568,"href":"https:\/\/heimatmuseum-seckenheim.de\/cms\/wp-json\/wp\/v2\/posts\/613\/revisions\/1568"}],"wp:attachment":[{"href":"https:\/\/heimatmuseum-seckenheim.de\/cms\/wp-json\/wp\/v2\/media?parent=613"}],"wp:term":[{"taxonomy":"category","embeddable":true,"href":"https:\/\/heimatmuseum-seckenheim.de\/cms\/wp-json\/wp\/v2\/categories?post=613"},{"taxonomy":"post_tag","embeddable":true,"href":"https:\/\/heimatmuseum-seckenheim.de\/cms\/wp-json\/wp\/v2\/tags?post=613"}],"curies":[{"name":"wp","href":"https:\/\/api.w.org\/{rel}","templated":true}]}}